{"id":27,"count":2,"description":"H\u00e5ll dig varm och vacker med jackor fr\u00e5n oss! Jackan \u00e4r ett klassiskt plagg, men den \u00e4r faktiskt betydligt yngre \u00e4n vad man kan tro. De stora massorna n\u00e5dde den f\u00f6rst under 1800-talets mitt. 1857 deklarerades i en italiensk modetidning hur jackan var den senaste trenden inom ytterkl\u00e4desmodet f\u00f6r s\u00e5v\u00e4l damer som herrar. D\u00e4refter dr\u00f6jde det inte l\u00e4nge innan jackan var ett socialt accepterat och popul\u00e4rt plagg. De f\u00f6rsta k\u00e4nda jackorna anv\u00e4ndes dock redan under sena medeltiden och ren\u00e4ssansen, d\u00e5 som ett arbetsplagg f\u00f6r m\u00e4n.","link":"https:\/\/old.demo.gmflexpaket.se\/flexhandel-demo-3\/produkt-kategori\/jackor-kappor\/","name":"Jackor &amp; kappor","slug":"jackor-kappor","taxonomy":"product_cat","parent":0,"meta":[],"acf":[],"_links":{"self":[{"href":"https:\/\/old.demo.gmflexpaket.se\/flexhandel-demo-3\/wp-json\/wp\/v2\/product_cat\/27","targetHints":{"allow":["GET"]}}],"collection":[{"href":"https:\/\/old.demo.gmflexpaket.se\/flexhandel-demo-3\/wp-json\/wp\/v2\/product_cat"}],"about":[{"href":"https:\/\/old.demo.gmflexpaket.se\/flexhandel-demo-3\/wp-json\/wp\/v2\/taxonomies\/product_cat"}],"wp:post_type":[{"href":"https:\/\/old.demo.gmflexpaket.se\/flexhandel-demo-3\/wp-json\/wp\/v2\/product?product_cat=27"}],"curies":[{"name":"wp","href":"https:\/\/api.w.org\/{rel}","templated":true}]}}